{"id":6573,"date":"2021-02-22T17:30:54","date_gmt":"2021-02-22T16:30:54","guid":{"rendered":"https:\/\/www.kaspar-schulz.de\/insight\/?p=6573"},"modified":"2022-11-30T07:52:14","modified_gmt":"2022-11-30T06:52:14","slug":"brauerei-foerst","status":"publish","type":"post","link":"https:\/\/www.kaspar-schulz.de\/insight\/brauerei-foerst\/","title":{"rendered":"BRAUEREI F\u00d6RST"},"content":{"rendered":"[vc_row type=&#8220;in_container&#8220; full_screen_row_position=&#8220;middle&#8220; column_margin=&#8220;default&#8220; column_direction=&#8220;default&#8220; column_direction_tablet=&#8220;default&#8220; column_direction_phone=&#8220;default&#8220; scene_position=&#8220;center&#8220; text_color=&#8220;dark&#8220; text_align=&#8220;left&#8220; row_border_radius=&#8220;none&#8220; row_border_radius_applies=&#8220;bg&#8220; overlay_strength=&#8220;0.3&#8243; gradient_direction=&#8220;left_to_right&#8220; shape_divider_position=&#8220;bottom&#8220; bg_image_animation=&#8220;none&#8220;][vc_column column_padding=&#8220;no-extra-padding&#8220; column_padding_tablet=&#8220;inherit&#8220; column_padding_phone=&#8220;inherit&#8220; column_padding_position=&#8220;all&#8220; background_color_opacity=&#8220;1&#8243; background_hover_color_opacity=&#8220;1&#8243; column_shadow=&#8220;none&#8220; column_border_radius=&#8220;none&#8220; column_link_target=&#8220;_self&#8220; gradient_direction=&#8220;left_to_right&#8220; overlay_strength=&#8220;0.3&#8243; width=&#8220;1\/1&#8243; tablet_width_inherit=&#8220;default&#8220; tablet_text_alignment=&#8220;default&#8220; phone_text_alignment=&#8220;default&#8220; column_border_width=&#8220;none&#8220; column_border_style=&#8220;solid&#8220; bg_image_animation=&#8220;none&#8220;][vc_raw_html]JTNDc2NyaXB0JTIwY2xhc3MlM0QlMjJwb2RpZ2VlLXBvZGNhc3QtcGxheWVyJTIyJTIwc3JjJTNEJTIyaHR0cHMlM0ElMkYlMkZwbGF5ZXIucG9kaWdlZS1jZG4ubmV0JTJGcG9kY2FzdC1wbGF5ZXIlMkZqYXZhc2NyaXB0cyUyRnBvZGlnZWUtcG9kY2FzdC1wbGF5ZXIuanMlMjIlMjBkYXRhLWNvbmZpZ3VyYXRpb24lM0QlMjJodHRwcyUzQSUyRiUyRnZvbS1oYWxtLXp1bS1nbGFzLnBvZGlnZWUuaW8lMkYxMC1uZXVlLWVwaXNvZGUlMkZlbWJlZCUzRmNvbnRleHQlM0RleHRlcm5hbCUyNnRva2VuJTNEN0dnV18yb0tnN3RBeVpfZ1dzZ1ZzQSUyMiUzRSUzQyUyRnNjcmlwdCUzRQ==[\/vc_raw_html][\/vc_column][\/vc_row][vc_row type=&#8220;in_container&#8220; full_screen_row_position=&#8220;middle&#8220; column_margin=&#8220;default&#8220; column_direction=&#8220;default&#8220; column_direction_tablet=&#8220;default&#8220; column_direction_phone=&#8220;default&#8220; scene_position=&#8220;center&#8220; text_color=&#8220;dark&#8220; text_align=&#8220;left&#8220; row_border_radius=&#8220;none&#8220; row_border_radius_applies=&#8220;bg&#8220; overlay_strength=&#8220;0.3&#8243; gradient_direction=&#8220;left_to_right&#8220; shape_divider_position=&#8220;bottom&#8220; bg_image_animation=&#8220;none&#8220;][vc_column column_padding=&#8220;no-extra-padding&#8220; column_padding_tablet=&#8220;inherit&#8220; column_padding_phone=&#8220;inherit&#8220; column_padding_position=&#8220;all&#8220; background_color_opacity=&#8220;1&#8243; background_hover_color_opacity=&#8220;1&#8243; column_shadow=&#8220;none&#8220; column_border_radius=&#8220;none&#8220; column_link_target=&#8220;_self&#8220; gradient_direction=&#8220;left_to_right&#8220; overlay_strength=&#8220;0.3&#8243; width=&#8220;1\/1&#8243; tablet_width_inherit=&#8220;default&#8220; tablet_text_alignment=&#8220;default&#8220; phone_text_alignment=&#8220;default&#8220; column_border_width=&#8220;none&#8220; column_border_style=&#8220;solid&#8220; bg_image_animation=&#8220;none&#8220;][vc_column_text]\n<p>In dieser Episode unseres Podcasts VOM HALM ZUM GLAS treffen wir mit der Brauerei F\u00f6rst auf ein weiteres fr\u00e4nkisches Urgestein.<\/p>\n<h4><strong>Geschichte<\/strong><\/h4>\n<p>KASPAR SCHULZ blickt bereits auf eine Geschichte bis ins Jahr 1677 zur\u00fcck. Hier \u00fcbernahm der Kupferschmied Christian Schulz den Betrieb seines verstorbenen Lehrmeisters. Somit hat er die Grundlage f\u00fcr eine jahrhundertelange Familientradition geschaffen, die Johannes Schulz-Hess heute bereits in zehnter Generation leitet.<\/p>\n<p>Doch auch der <a href=\"https:\/\/brauerei-foerst.de\/\">Dr\u00fcgendorfer Familienbetrieb F\u00f6rst<\/a> darf 2025 sein f\u00fcnfhundert-j\u00e4hriges Bestehen feiern. Seit 1750 wird erstmals die Familie erw\u00e4hnt, welche seither die Brauerei F\u00f6rst erfolgreich f\u00fchrt. Volker F\u00f6rst leitet die Brauerei und Gastst\u00e4tte nun bereits in vierter Generation gemeinsam mit seiner Frau Nicole. Frische und Qualit\u00e4t werden dabei seit Anbeginn gro\u00dfgeschrieben. Vor allem aber das Handwerk wird stets in enger Zusammenarbeit mit KASPAR SCHULZ weiterentwickelt.<\/p>\n<p>Gebraut werden hier am Fu\u00dfe der fr\u00e4nkischen Schweiz vier Biere, welche das ganzj\u00e4hrig verf\u00fcgbare Standardsortiment ergeben. Hinzu kommt der saisonale Lucia-Maria-Bock, der nach F\u00f6rsts Tochter benannt worden ist. Alle Biere sind naturtr\u00fcb, unfiltriert und mit Herz gebraut.<\/p>\n<h4><strong>Entwicklung<\/strong><\/h4>\n<p>Nachdem sein bisheriger Braumeister in seine wohlverdiente Rente ging, entwickelte sich auch die Brauerei F\u00f6rst weiter. Der Familienbetrieb durfte sich 2021 \u00fcber ein neues SCHULZ Sudhaus freuen. Dieses wurde mit der technisch innovativen Vollautomatisierungs-Software <a href=\"https:\/\/www.kaspar-schulz.de\/insight\/schulz-automation-system\/\">Pioneer Pro<\/a> aus dem Hause SCHULZ ausgestattet, die dem Dr\u00fcgendorfer Brauer das Leben nach der Eingew\u00f6hnungsphase um einiges erleichtert. Zudem ist nun wieder eine Auszubildende fester Bestandteil der Brauerei, welche die Traditionsbrauerei tatkr\u00e4ftig unterst\u00fctzt.<\/p>\n<p>Ein besonderes Highlight der Brauerei ist eine alte Schrotm\u00fchle aus dem Jahr 1924, welche auch heute noch betrieben wird. Zusammen mit dem neuen Sudhaus entsteht somit ein wundersch\u00f6nes Zusammenspiel aus Geschichte und Moderne.<\/p>\n<p>Volker F\u00f6rst berichtet in dieser Folge \u00fcber die Herausforderungen und Chancen eines solchen Traditionsbetriebs. Ebenso gibt er bereits Ausblick auf die weiteren Jahre der Brauerei, denn nach der Sudhauserneuerung soll auch der G\u00e4rkeller nicht lange auf sich warten lassen.<\/p>\n[\/vc_column_text][\/vc_column][\/vc_row]\n","protected":false},"excerpt":{"rendered":"<p>[vc_row type=&#8220;in_container&#8220; full_screen_row_position=&#8220;middle&#8220; column_margin=&#8220;default&#8220; column_direction=&#8220;default&#8220; column_direction_tablet=&#8220;default&#8220; column_direction_phone=&#8220;default&#8220; scene_position=&#8220;center&#8220; text_color=&#8220;dark&#8220; text_align=&#8220;left&#8220; row_border_radius=&#8220;none&#8220; row_border_radius_applies=&#8220;bg&#8220; overlay_strength=&#8220;0.3&#8243; gradient_direction=&#8220;left_to_right&#8220; shape_divider_position=&#8220;bottom&#8220; bg_image_animation=&#8220;none&#8220;][vc_column column_padding=&#8220;no-extra-padding&#8220; column_padding_tablet=&#8220;inherit&#8220; column_padding_phone=&#8220;inherit&#8220; column_padding_position=&#8220;all&#8220; background_color_opacity=&#8220;1&#8243; background_hover_color_opacity=&#8220;1&#8243; column_shadow=&#8220;none&#8220; column_border_radius=&#8220;none&#8220; column_link_target=&#8220;_self&#8220; gradient_direction=&#8220;left_to_right&#8220; overlay_strength=&#8220;0.3&#8243; width=&#8220;1\/1&#8243; tablet_width_inherit=&#8220;default&#8220; tablet_text_alignment=&#8220;default&#8220;&#8230;<\/p>\n","protected":false},"author":1,"featured_media":6577,"comment_status":"open","ping_status":"open","sticky":false,"template":"","format":"standard","meta":{"footnotes":""},"categories":[31],"tags":[],"class_list":{"0":"post-6573","1":"post","2":"type-post","3":"status-publish","4":"format-standard","5":"has-post-thumbnail","7":"category-podcast"},"yoast_head":"<!-- This site is optimized with the Yoast SEO plugin v27.4 - https:\/\/yoast.com\/product\/yoast-seo-wordpress\/ -->\n<title>BRAUEREI F\u00d6RST - SCHULZ INSIGHT<\/title>\n<meta name=\"description\" content=\"Mit Volker F\u00f6rst sprechen wir in unserem Podcast \u00fcber die Geschichte, Entwicklung und Regionalit\u00e4t seiner Brauerei F\u00f6rst in Dr\u00fcgendorf.\" \/>\n<meta name=\"robots\" content=\"index, follow, max-snippet:-1, max-image-preview:large, max-video-preview:-1\" \/>\n<link rel=\"canonical\" href=\"https:\/\/www.kaspar-schulz.de\/insight\/brauerei-foerst\/\" \/>\n<meta property=\"og:locale\" content=\"de_DE\" \/>\n<meta property=\"og:type\" content=\"article\" \/>\n<meta property=\"og:title\" content=\"BRAUEREI F\u00d6RST - SCHULZ INSIGHT\" \/>\n<meta property=\"og:description\" content=\"Mit Volker F\u00f6rst sprechen wir in unserem Podcast \u00fcber die Geschichte, Entwicklung und Regionalit\u00e4t seiner Brauerei F\u00f6rst in Dr\u00fcgendorf.\" \/>\n<meta property=\"og:url\" content=\"https:\/\/www.kaspar-schulz.de\/insight\/brauerei-foerst\/\" \/>\n<meta property=\"og:site_name\" content=\"SCHULZ INSIGHT\" \/>\n<meta property=\"article:publisher\" content=\"https:\/\/www.facebook.com\/Schulz1677\" \/>\n<meta property=\"article:published_time\" content=\"2021-02-22T16:30:54+00:00\" \/>\n<meta property=\"article:modified_time\" content=\"2022-11-30T06:52:14+00:00\" \/>\n<meta property=\"og:image\" content=\"https:\/\/www.kaspar-schulz.de\/insight\/wp-content\/uploads\/2021\/02\/blogbild1-2-scaled.jpg\" \/>\n\t<meta property=\"og:image:width\" content=\"2560\" \/>\n\t<meta property=\"og:image:height\" content=\"1710\" \/>\n\t<meta property=\"og:image:type\" content=\"image\/jpeg\" \/>\n<meta name=\"author\" content=\"SCHULZ INSIGHT\" \/>\n<meta name=\"twitter:card\" content=\"summary_large_image\" \/>\n<meta name=\"twitter:label1\" content=\"Verfasst von\" \/>\n\t<meta name=\"twitter:data1\" content=\"SCHULZ INSIGHT\" \/>\n\t<meta name=\"twitter:label2\" content=\"Gesch\u00e4tzte Lesezeit\" \/>\n\t<meta name=\"twitter:data2\" content=\"3\u00a0Minuten\" \/>\n<script type=\"application\/ld+json\" class=\"yoast-schema-graph\">{\"@context\":\"https:\\\/\\\/schema.org\",\"@graph\":[{\"@type\":\"Article\",\"@id\":\"https:\\\/\\\/www.kaspar-schulz.de\\\/insight\\\/brauerei-foerst\\\/#article\",\"isPartOf\":{\"@id\":\"https:\\\/\\\/www.kaspar-schulz.de\\\/insight\\\/brauerei-foerst\\\/\"},\"author\":{\"name\":\"SCHULZ INSIGHT\",\"@id\":\"https:\\\/\\\/www.kaspar-schulz.de\\\/insight\\\/#\\\/schema\\\/person\\\/a2354f39fa2e60c8f58a65d3b4c34bbc\"},\"headline\":\"BRAUEREI F\u00d6RST\",\"datePublished\":\"2021-02-22T16:30:54+00:00\",\"dateModified\":\"2022-11-30T06:52:14+00:00\",\"mainEntityOfPage\":{\"@id\":\"https:\\\/\\\/www.kaspar-schulz.de\\\/insight\\\/brauerei-foerst\\\/\"},\"wordCount\":646,\"commentCount\":0,\"publisher\":{\"@id\":\"https:\\\/\\\/www.kaspar-schulz.de\\\/insight\\\/#organization\"},\"image\":{\"@id\":\"https:\\\/\\\/www.kaspar-schulz.de\\\/insight\\\/brauerei-foerst\\\/#primaryimage\"},\"thumbnailUrl\":\"https:\\\/\\\/www.kaspar-schulz.de\\\/insight\\\/wp-content\\\/uploads\\\/2021\\\/02\\\/blogbild1-2-scaled.jpg\",\"articleSection\":[\"PODCAST\"],\"inLanguage\":\"de\",\"potentialAction\":[{\"@type\":\"CommentAction\",\"name\":\"Comment\",\"target\":[\"https:\\\/\\\/www.kaspar-schulz.de\\\/insight\\\/brauerei-foerst\\\/#respond\"]}]},{\"@type\":\"WebPage\",\"@id\":\"https:\\\/\\\/www.kaspar-schulz.de\\\/insight\\\/brauerei-foerst\\\/\",\"url\":\"https:\\\/\\\/www.kaspar-schulz.de\\\/insight\\\/brauerei-foerst\\\/\",\"name\":\"BRAUEREI F\u00d6RST - SCHULZ INSIGHT\",\"isPartOf\":{\"@id\":\"https:\\\/\\\/www.kaspar-schulz.de\\\/insight\\\/#website\"},\"primaryImageOfPage\":{\"@id\":\"https:\\\/\\\/www.kaspar-schulz.de\\\/insight\\\/brauerei-foerst\\\/#primaryimage\"},\"image\":{\"@id\":\"https:\\\/\\\/www.kaspar-schulz.de\\\/insight\\\/brauerei-foerst\\\/#primaryimage\"},\"thumbnailUrl\":\"https:\\\/\\\/www.kaspar-schulz.de\\\/insight\\\/wp-content\\\/uploads\\\/2021\\\/02\\\/blogbild1-2-scaled.jpg\",\"datePublished\":\"2021-02-22T16:30:54+00:00\",\"dateModified\":\"2022-11-30T06:52:14+00:00\",\"description\":\"Mit Volker F\u00f6rst sprechen wir in unserem Podcast \u00fcber die Geschichte, Entwicklung und Regionalit\u00e4t seiner Brauerei F\u00f6rst in Dr\u00fcgendorf.\",\"breadcrumb\":{\"@id\":\"https:\\\/\\\/www.kaspar-schulz.de\\\/insight\\\/brauerei-foerst\\\/#breadcrumb\"},\"inLanguage\":\"de\",\"potentialAction\":[{\"@type\":\"ReadAction\",\"target\":[\"https:\\\/\\\/www.kaspar-schulz.de\\\/insight\\\/brauerei-foerst\\\/\"]}]},{\"@type\":\"ImageObject\",\"inLanguage\":\"de\",\"@id\":\"https:\\\/\\\/www.kaspar-schulz.de\\\/insight\\\/brauerei-foerst\\\/#primaryimage\",\"url\":\"https:\\\/\\\/www.kaspar-schulz.de\\\/insight\\\/wp-content\\\/uploads\\\/2021\\\/02\\\/blogbild1-2-scaled.jpg\",\"contentUrl\":\"https:\\\/\\\/www.kaspar-schulz.de\\\/insight\\\/wp-content\\\/uploads\\\/2021\\\/02\\\/blogbild1-2-scaled.jpg\",\"width\":2560,\"height\":1710,\"caption\":\"Volker F\u00f6rst in seiner Brauerei F\u00f6rst aus Dr\u00fcgendorf im Landkreis Forchheim.\"},{\"@type\":\"BreadcrumbList\",\"@id\":\"https:\\\/\\\/www.kaspar-schulz.de\\\/insight\\\/brauerei-foerst\\\/#breadcrumb\",\"itemListElement\":[{\"@type\":\"ListItem\",\"position\":1,\"name\":\"Startseite\",\"item\":\"https:\\\/\\\/www.kaspar-schulz.de\\\/insight\\\/\"},{\"@type\":\"ListItem\",\"position\":2,\"name\":\"BRAUEREI F\u00d6RST\"}]},{\"@type\":\"WebSite\",\"@id\":\"https:\\\/\\\/www.kaspar-schulz.de\\\/insight\\\/#website\",\"url\":\"https:\\\/\\\/www.kaspar-schulz.de\\\/insight\\\/\",\"name\":\"SCHULZ INSIGHT\",\"description\":\"The slightly different trade fair experience - available 365 days a year.\",\"publisher\":{\"@id\":\"https:\\\/\\\/www.kaspar-schulz.de\\\/insight\\\/#organization\"},\"potentialAction\":[{\"@type\":\"SearchAction\",\"target\":{\"@type\":\"EntryPoint\",\"urlTemplate\":\"https:\\\/\\\/www.kaspar-schulz.de\\\/insight\\\/?s={search_term_string}\"},\"query-input\":{\"@type\":\"PropertyValueSpecification\",\"valueRequired\":true,\"valueName\":\"search_term_string\"}}],\"inLanguage\":\"de\"},{\"@type\":\"Organization\",\"@id\":\"https:\\\/\\\/www.kaspar-schulz.de\\\/insight\\\/#organization\",\"name\":\"KASPAR SCHULZ Brauereimaschinenfabrik & Apparatebauanstalt GmbH\",\"url\":\"https:\\\/\\\/www.kaspar-schulz.de\\\/insight\\\/\",\"logo\":{\"@type\":\"ImageObject\",\"inLanguage\":\"de\",\"@id\":\"https:\\\/\\\/www.kaspar-schulz.de\\\/insight\\\/#\\\/schema\\\/logo\\\/image\\\/\",\"url\":\"https:\\\/\\\/www.kaspar-schulz.de\\\/insight\\\/wp-content\\\/uploads\\\/2020\\\/08\\\/2020_RGB_FONT_WHITE_GREEN@2x.png\",\"contentUrl\":\"https:\\\/\\\/www.kaspar-schulz.de\\\/insight\\\/wp-content\\\/uploads\\\/2020\\\/08\\\/2020_RGB_FONT_WHITE_GREEN@2x.png\",\"width\":2401,\"height\":1069,\"caption\":\"KASPAR SCHULZ Brauereimaschinenfabrik & Apparatebauanstalt GmbH\"},\"image\":{\"@id\":\"https:\\\/\\\/www.kaspar-schulz.de\\\/insight\\\/#\\\/schema\\\/logo\\\/image\\\/\"},\"sameAs\":[\"https:\\\/\\\/www.facebook.com\\\/Schulz1677\",\"https:\\\/\\\/www.instagram.com\\\/kasparschulz\\\/\",\"https:\\\/\\\/www.linkedin.com\\\/company\\\/27088359\\\/admin\\\/\",\"https:\\\/\\\/www.youtube.com\\\/SCHULZ1677\",\"https:\\\/\\\/www.tiktok.com\\\/kasparschulz\"]},{\"@type\":\"Person\",\"@id\":\"https:\\\/\\\/www.kaspar-schulz.de\\\/insight\\\/#\\\/schema\\\/person\\\/a2354f39fa2e60c8f58a65d3b4c34bbc\",\"name\":\"SCHULZ INSIGHT\",\"image\":{\"@type\":\"ImageObject\",\"inLanguage\":\"de\",\"@id\":\"https:\\\/\\\/secure.gravatar.com\\\/avatar\\\/7422fd3edbdac07ac8e21c9071642ab5b03f370c83a04536aad14a3a735851b2?s=96&d=mm&r=g\",\"url\":\"https:\\\/\\\/secure.gravatar.com\\\/avatar\\\/7422fd3edbdac07ac8e21c9071642ab5b03f370c83a04536aad14a3a735851b2?s=96&d=mm&r=g\",\"contentUrl\":\"https:\\\/\\\/secure.gravatar.com\\\/avatar\\\/7422fd3edbdac07ac8e21c9071642ab5b03f370c83a04536aad14a3a735851b2?s=96&d=mm&r=g\",\"caption\":\"SCHULZ INSIGHT\"},\"sameAs\":[\"https:\\\/\\\/www.kaspar-schulz.de\\\/insight\"],\"url\":\"https:\\\/\\\/www.kaspar-schulz.de\\\/insight\\\/author\\\/kasparxt\\\/\"}]}<\/script>\n<!-- \/ Yoast SEO plugin. -->","yoast_head_json":{"title":"BRAUEREI F\u00d6RST - SCHULZ INSIGHT","description":"Mit Volker F\u00f6rst sprechen wir in unserem Podcast \u00fcber die Geschichte, Entwicklung und Regionalit\u00e4t seiner Brauerei F\u00f6rst in Dr\u00fcgendorf.","robots":{"index":"index","follow":"follow","max-snippet":"max-snippet:-1","max-image-preview":"max-image-preview:large","max-video-preview":"max-video-preview:-1"},"canonical":"https:\/\/www.kaspar-schulz.de\/insight\/brauerei-foerst\/","og_locale":"de_DE","og_type":"article","og_title":"BRAUEREI F\u00d6RST - SCHULZ INSIGHT","og_description":"Mit Volker F\u00f6rst sprechen wir in unserem Podcast \u00fcber die Geschichte, Entwicklung und Regionalit\u00e4t seiner Brauerei F\u00f6rst in Dr\u00fcgendorf.","og_url":"https:\/\/www.kaspar-schulz.de\/insight\/brauerei-foerst\/","og_site_name":"SCHULZ INSIGHT","article_publisher":"https:\/\/www.facebook.com\/Schulz1677","article_published_time":"2021-02-22T16:30:54+00:00","article_modified_time":"2022-11-30T06:52:14+00:00","og_image":[{"width":2560,"height":1710,"url":"https:\/\/www.kaspar-schulz.de\/insight\/wp-content\/uploads\/2021\/02\/blogbild1-2-scaled.jpg","type":"image\/jpeg"}],"author":"SCHULZ INSIGHT","twitter_card":"summary_large_image","twitter_misc":{"Verfasst von":"SCHULZ INSIGHT","Gesch\u00e4tzte Lesezeit":"3\u00a0Minuten"},"schema":{"@context":"https:\/\/schema.org","@graph":[{"@type":"Article","@id":"https:\/\/www.kaspar-schulz.de\/insight\/brauerei-foerst\/#article","isPartOf":{"@id":"https:\/\/www.kaspar-schulz.de\/insight\/brauerei-foerst\/"},"author":{"name":"SCHULZ INSIGHT","@id":"https:\/\/www.kaspar-schulz.de\/insight\/#\/schema\/person\/a2354f39fa2e60c8f58a65d3b4c34bbc"},"headline":"BRAUEREI F\u00d6RST","datePublished":"2021-02-22T16:30:54+00:00","dateModified":"2022-11-30T06:52:14+00:00","mainEntityOfPage":{"@id":"https:\/\/www.kaspar-schulz.de\/insight\/brauerei-foerst\/"},"wordCount":646,"commentCount":0,"publisher":{"@id":"https:\/\/www.kaspar-schulz.de\/insight\/#organization"},"image":{"@id":"https:\/\/www.kaspar-schulz.de\/insight\/brauerei-foerst\/#primaryimage"},"thumbnailUrl":"https:\/\/www.kaspar-schulz.de\/insight\/wp-content\/uploads\/2021\/02\/blogbild1-2-scaled.jpg","articleSection":["PODCAST"],"inLanguage":"de","potentialAction":[{"@type":"CommentAction","name":"Comment","target":["https:\/\/www.kaspar-schulz.de\/insight\/brauerei-foerst\/#respond"]}]},{"@type":"WebPage","@id":"https:\/\/www.kaspar-schulz.de\/insight\/brauerei-foerst\/","url":"https:\/\/www.kaspar-schulz.de\/insight\/brauerei-foerst\/","name":"BRAUEREI F\u00d6RST - SCHULZ INSIGHT","isPartOf":{"@id":"https:\/\/www.kaspar-schulz.de\/insight\/#website"},"primaryImageOfPage":{"@id":"https:\/\/www.kaspar-schulz.de\/insight\/brauerei-foerst\/#primaryimage"},"image":{"@id":"https:\/\/www.kaspar-schulz.de\/insight\/brauerei-foerst\/#primaryimage"},"thumbnailUrl":"https:\/\/www.kaspar-schulz.de\/insight\/wp-content\/uploads\/2021\/02\/blogbild1-2-scaled.jpg","datePublished":"2021-02-22T16:30:54+00:00","dateModified":"2022-11-30T06:52:14+00:00","description":"Mit Volker F\u00f6rst sprechen wir in unserem Podcast \u00fcber die Geschichte, Entwicklung und Regionalit\u00e4t seiner Brauerei F\u00f6rst in Dr\u00fcgendorf.","breadcrumb":{"@id":"https:\/\/www.kaspar-schulz.de\/insight\/brauerei-foerst\/#breadcrumb"},"inLanguage":"de","potentialAction":[{"@type":"ReadAction","target":["https:\/\/www.kaspar-schulz.de\/insight\/brauerei-foerst\/"]}]},{"@type":"ImageObject","inLanguage":"de","@id":"https:\/\/www.kaspar-schulz.de\/insight\/brauerei-foerst\/#primaryimage","url":"https:\/\/www.kaspar-schulz.de\/insight\/wp-content\/uploads\/2021\/02\/blogbild1-2-scaled.jpg","contentUrl":"https:\/\/www.kaspar-schulz.de\/insight\/wp-content\/uploads\/2021\/02\/blogbild1-2-scaled.jpg","width":2560,"height":1710,"caption":"Volker F\u00f6rst in seiner Brauerei F\u00f6rst aus Dr\u00fcgendorf im Landkreis Forchheim."},{"@type":"BreadcrumbList","@id":"https:\/\/www.kaspar-schulz.de\/insight\/brauerei-foerst\/#breadcrumb","itemListElement":[{"@type":"ListItem","position":1,"name":"Startseite","item":"https:\/\/www.kaspar-schulz.de\/insight\/"},{"@type":"ListItem","position":2,"name":"BRAUEREI F\u00d6RST"}]},{"@type":"WebSite","@id":"https:\/\/www.kaspar-schulz.de\/insight\/#website","url":"https:\/\/www.kaspar-schulz.de\/insight\/","name":"SCHULZ INSIGHT","description":"The slightly different trade fair experience - available 365 days a year.","publisher":{"@id":"https:\/\/www.kaspar-schulz.de\/insight\/#organization"},"potentialAction":[{"@type":"SearchAction","target":{"@type":"EntryPoint","urlTemplate":"https:\/\/www.kaspar-schulz.de\/insight\/?s={search_term_string}"},"query-input":{"@type":"PropertyValueSpecification","valueRequired":true,"valueName":"search_term_string"}}],"inLanguage":"de"},{"@type":"Organization","@id":"https:\/\/www.kaspar-schulz.de\/insight\/#organization","name":"KASPAR SCHULZ Brauereimaschinenfabrik & Apparatebauanstalt GmbH","url":"https:\/\/www.kaspar-schulz.de\/insight\/","logo":{"@type":"ImageObject","inLanguage":"de","@id":"https:\/\/www.kaspar-schulz.de\/insight\/#\/schema\/logo\/image\/","url":"https:\/\/www.kaspar-schulz.de\/insight\/wp-content\/uploads\/2020\/08\/2020_RGB_FONT_WHITE_GREEN@2x.png","contentUrl":"https:\/\/www.kaspar-schulz.de\/insight\/wp-content\/uploads\/2020\/08\/2020_RGB_FONT_WHITE_GREEN@2x.png","width":2401,"height":1069,"caption":"KASPAR SCHULZ Brauereimaschinenfabrik & Apparatebauanstalt GmbH"},"image":{"@id":"https:\/\/www.kaspar-schulz.de\/insight\/#\/schema\/logo\/image\/"},"sameAs":["https:\/\/www.facebook.com\/Schulz1677","https:\/\/www.instagram.com\/kasparschulz\/","https:\/\/www.linkedin.com\/company\/27088359\/admin\/","https:\/\/www.youtube.com\/SCHULZ1677","https:\/\/www.tiktok.com\/kasparschulz"]},{"@type":"Person","@id":"https:\/\/www.kaspar-schulz.de\/insight\/#\/schema\/person\/a2354f39fa2e60c8f58a65d3b4c34bbc","name":"SCHULZ INSIGHT","image":{"@type":"ImageObject","inLanguage":"de","@id":"https:\/\/secure.gravatar.com\/avatar\/7422fd3edbdac07ac8e21c9071642ab5b03f370c83a04536aad14a3a735851b2?s=96&d=mm&r=g","url":"https:\/\/secure.gravatar.com\/avatar\/7422fd3edbdac07ac8e21c9071642ab5b03f370c83a04536aad14a3a735851b2?s=96&d=mm&r=g","contentUrl":"https:\/\/secure.gravatar.com\/avatar\/7422fd3edbdac07ac8e21c9071642ab5b03f370c83a04536aad14a3a735851b2?s=96&d=mm&r=g","caption":"SCHULZ INSIGHT"},"sameAs":["https:\/\/www.kaspar-schulz.de\/insight"],"url":"https:\/\/www.kaspar-schulz.de\/insight\/author\/kasparxt\/"}]}},"_links":{"self":[{"href":"https:\/\/www.kaspar-schulz.de\/insight\/wp-json\/wp\/v2\/posts\/6573","targetHints":{"allow":["GET"]}}],"collection":[{"href":"https:\/\/www.kaspar-schulz.de\/insight\/wp-json\/wp\/v2\/posts"}],"about":[{"href":"https:\/\/www.kaspar-schulz.de\/insight\/wp-json\/wp\/v2\/types\/post"}],"author":[{"embeddable":true,"href":"https:\/\/www.kaspar-schulz.de\/insight\/wp-json\/wp\/v2\/users\/1"}],"replies":[{"embeddable":true,"href":"https:\/\/www.kaspar-schulz.de\/insight\/wp-json\/wp\/v2\/comments?post=6573"}],"version-history":[{"count":11,"href":"https:\/\/www.kaspar-schulz.de\/insight\/wp-json\/wp\/v2\/posts\/6573\/revisions"}],"predecessor-version":[{"id":16181,"href":"https:\/\/www.kaspar-schulz.de\/insight\/wp-json\/wp\/v2\/posts\/6573\/revisions\/16181"}],"wp:featuredmedia":[{"embeddable":true,"href":"https:\/\/www.kaspar-schulz.de\/insight\/wp-json\/wp\/v2\/media\/6577"}],"wp:attachment":[{"href":"https:\/\/www.kaspar-schulz.de\/insight\/wp-json\/wp\/v2\/media?parent=6573"}],"wp:term":[{"taxonomy":"category","embeddable":true,"href":"https:\/\/www.kaspar-schulz.de\/insight\/wp-json\/wp\/v2\/categories?post=6573"},{"taxonomy":"post_tag","embeddable":true,"href":"https:\/\/www.kaspar-schulz.de\/insight\/wp-json\/wp\/v2\/tags?post=6573"}],"curies":[{"name":"wp","href":"https:\/\/api.w.org\/{rel}","templated":true}]}}